{"id":1162,"date":"2010-01-05T12:12:55","date_gmt":"2010-01-05T11:12:55","guid":{"rendered":"https:\/\/le-point-de-capiton.net\/?page_id=1162"},"modified":"2019-12-19T19:45:30","modified_gmt":"2019-12-19T18:45:30","slug":"leclipse-le-choeur-de-la-savine","status":"publish","type":"post","link":"https:\/\/le-point-de-capiton.net\/index.php\/2010\/01\/05\/leclipse-le-choeur-de-la-savine\/","title":{"rendered":"L&rsquo;\u00e9clipse, le Choeur de la Savine"},"content":{"rendered":"\n<div class=\"wp-block-media-text alignwide\" style=\"grid-template-columns:39% auto\"><figure class=\"wp-block-media-text__media\"><img loading=\"lazy\" decoding=\"async\" width=\"368\" height=\"500\" src=\"https:\/\/le-point-de-capiton.net\/wp-content\/uploads\/2019\/11\/eclipse.jpg\" alt=\"\" class=\"wp-image-1164\" srcset=\"https:\/\/le-point-de-capiton.net\/wp-content\/uploads\/2019\/11\/eclipse.jpg 368w, https:\/\/le-point-de-capiton.net\/wp-content\/uploads\/2019\/11\/eclipse-221x300.jpg 221w\" sizes=\"auto, (max-width: 368px) 100vw, 368px\" \/><\/figure><div class=\"wp-block-media-text__content\">\n<p>\n    \n        ISBN : 2-84109-576-2 &#8211; 284 pages &#8211; Format : 195 x 140 <br>\n        Paru le 01-09-2005 &#8211; Disponible &nbsp;16 \u20ac<br><br>\n        \u00ab\u00a0Parce qu&rsquo;elle importe la nuit au milieu\n de la clart\u00e9, le noir au sein de la lumi\u00e8re, et qu&rsquo;elle inscrit la mort\n dans la vie, l&rsquo;Eclipse signe un livre ouvert que nous avons \u00e9crit \u00e0 la \nSavine.<br>\n        Cette cit\u00e9 o\u00f9 s&rsquo;invene un \u00eatre nouveau \nd&rsquo;un \u00eatre au monde terriblement historique. La cit\u00e9 demeure fi\u00e8re et \nbless\u00e9e, traumatis\u00e9e, elle veille de son orgueil et de son incandescence\n ind\u00e9cente, elle s&rsquo;affiche d&rsquo;une langue incendiaire qui cherche la \nmesure, la norme, la limite dans l&rsquo;incertitude du lendemain, de sa main,\n de son sein.\u00a0\u00bb<br><br>\n        Jacques Broda<br><br><br>\n        Ouvrage Collectif <br>\n        R\u00e9cit \/ T\u00e9moignage &#8211; Soci\u00e9t\u00e9 \/ Politique<br><br><a href=\"http:\/\/www.letempsdescerises.net\/noyau\/index.php?menu_id=20&amp;type=livre&amp;idLivre=574\" target=\"_blank\" rel=\"noreferrer noopener\">COMMANDER<\/a><\/p>\n<\/div><\/div>\n","protected":false},"excerpt":{"rendered":"<p>ISBN : 2-84109-576-2 &#8211; 284 pages &#8211; Format : 195 x 140 Paru le 01-09-2005 &#8211; Disponible &nbsp;16 \u20ac \u00ab\u00a0Parce qu&rsquo;elle importe la nuit au milieu de la clart\u00e9, le &#8230;<\/p>\n","protected":false},"author":1,"featured_media":1164,"comment_status":"closed","ping_status":"closed","sticky":false,"template":"","format":"standard","meta":{"footnotes":""},"categories":[15],"tags":[],"class_list":["post-1162","post","type-post","status-publish","format-standard","has-post-thumbnail","hentry","category-bibliotheque"],"_links":{"self":[{"href":"https:\/\/le-point-de-capiton.net\/index.php\/wp-json\/wp\/v2\/posts\/1162","targetHints":{"allow":["GET"]}}],"collection":[{"href":"https:\/\/le-point-de-capiton.net\/index.php\/wp-json\/wp\/v2\/posts"}],"about":[{"href":"https:\/\/le-point-de-capiton.net\/index.php\/wp-json\/wp\/v2\/types\/post"}],"author":[{"embeddable":true,"href":"https:\/\/le-point-de-capiton.net\/index.php\/wp-json\/wp\/v2\/users\/1"}],"replies":[{"embeddable":true,"href":"https:\/\/le-point-de-capiton.net\/index.php\/wp-json\/wp\/v2\/comments?post=1162"}],"version-history":[{"count":1,"href":"https:\/\/le-point-de-capiton.net\/index.php\/wp-json\/wp\/v2\/posts\/1162\/revisions"}],"predecessor-version":[{"id":1165,"href":"https:\/\/le-point-de-capiton.net\/index.php\/wp-json\/wp\/v2\/posts\/1162\/revisions\/1165"}],"wp:featuredmedia":[{"embeddable":true,"href":"https:\/\/le-point-de-capiton.net\/index.php\/wp-json\/wp\/v2\/media\/1164"}],"wp:attachment":[{"href":"https:\/\/le-point-de-capiton.net\/index.php\/wp-json\/wp\/v2\/media?parent=1162"}],"wp:term":[{"taxonomy":"category","embeddable":true,"href":"https:\/\/le-point-de-capiton.net\/index.php\/wp-json\/wp\/v2\/categories?post=1162"},{"taxonomy":"post_tag","embeddable":true,"href":"https:\/\/le-point-de-capiton.net\/index.php\/wp-json\/wp\/v2\/tags?post=1162"}],"curies":[{"name":"wp","href":"https:\/\/api.w.org\/{rel}","templated":true}]}}