{"id":1519,"date":"2020-01-29T17:35:00","date_gmt":"2020-01-29T16:35:00","guid":{"rendered":"https:\/\/le-point-de-capiton.net\/?p=1519"},"modified":"2020-02-10T14:41:55","modified_gmt":"2020-02-10T13:41:55","slug":"le-7-fevrier-2020-serpsy-a-aix-et-si-on-parlait-de-desir","status":"publish","type":"post","link":"https:\/\/le-point-de-capiton.net\/index.php\/2020\/01\/29\/le-7-fevrier-2020-serpsy-a-aix-et-si-on-parlait-de-desir\/","title":{"rendered":"Les 6 et 7 f\u00e9vrier 2020, Serpsy \u00e0 Aix-en-Provence, \u00ab\u00a0Et si on parlait de d\u00e9sir ?\u00a0\u00bb"},"content":{"rendered":"\n<p> <strong>JEUDI 6 FEVRIER 2020   <\/strong>                                                                              Un ap\u00e9ro-philo sur le th\u00e8me du d\u00e9sir de 17 h \u00e0 19 h au caf\u00e9 culture et citoyen \u00e0 Aix, le 3 C, boulevard Carnot, Aix-en-Provence.                     <br><\/p>\n\n\n\n<p><strong>VENDREDI 7 FEVRIER 2020<\/strong><br> Amphi Vallade<br> Centre hospitalier Montperrin<br> 109 Avenue du petit Bath\u00e9l\u00e9my<br> 13617 Aix en Provence<br> Journ\u00e9e gratuite sur inscription:<br> serpsypaca@gmail.com<\/p>\n\n\n\n<div class=\"wp-block-file\"><a href=\"https:\/\/le-point-de-capiton.net\/wp-content\/uploads\/2020\/01\/Et-si-on-parlait-du-d\u00e9sir-Journ\u00e9e-SERPSY-7.02.2020.pdf\">Le programme : Et si on parlait du d\u00e9sir Journ\u00e9e SERPSY 7.02.2020<\/a><a href=\"https:\/\/le-point-de-capiton.net\/wp-content\/uploads\/2020\/01\/Et-si-on-parlait-du-d\u00e9sir-Journ\u00e9e-SERPSY-7.02.2020.pdf\" class=\"wp-block-file__button\" download>T\u00e9l\u00e9charger<\/a><\/div>\n","protected":false},"excerpt":{"rendered":"<p>JEUDI 6 FEVRIER 2020 Un ap\u00e9ro-philo sur le th\u00e8me du d\u00e9sir de 17 h \u00e0 19 h au caf\u00e9 culture et citoyen \u00e0 Aix, le 3 C, boulevard Carnot, Aix-en-Provence. &#8230;<\/p>\n","protected":false},"author":1,"featured_media":1542,"comment_status":"closed","ping_status":"open","sticky":false,"template":"","format":"standard","meta":{"footnotes":""},"categories":[9],"tags":[],"class_list":["post-1519","post","type-post","status-publish","format-standard","has-post-thumbnail","hentry","category-psychiatrie"],"_links":{"self":[{"href":"https:\/\/le-point-de-capiton.net\/index.php\/wp-json\/wp\/v2\/posts\/1519","targetHints":{"allow":["GET"]}}],"collection":[{"href":"https:\/\/le-point-de-capiton.net\/index.php\/wp-json\/wp\/v2\/posts"}],"about":[{"href":"https:\/\/le-point-de-capiton.net\/index.php\/wp-json\/wp\/v2\/types\/post"}],"author":[{"embeddable":true,"href":"https:\/\/le-point-de-capiton.net\/index.php\/wp-json\/wp\/v2\/users\/1"}],"replies":[{"embeddable":true,"href":"https:\/\/le-point-de-capiton.net\/index.php\/wp-json\/wp\/v2\/comments?post=1519"}],"version-history":[{"count":4,"href":"https:\/\/le-point-de-capiton.net\/index.php\/wp-json\/wp\/v2\/posts\/1519\/revisions"}],"predecessor-version":[{"id":1541,"href":"https:\/\/le-point-de-capiton.net\/index.php\/wp-json\/wp\/v2\/posts\/1519\/revisions\/1541"}],"wp:featuredmedia":[{"embeddable":true,"href":"https:\/\/le-point-de-capiton.net\/index.php\/wp-json\/wp\/v2\/media\/1542"}],"wp:attachment":[{"href":"https:\/\/le-point-de-capiton.net\/index.php\/wp-json\/wp\/v2\/media?parent=1519"}],"wp:term":[{"taxonomy":"category","embeddable":true,"href":"https:\/\/le-point-de-capiton.net\/index.php\/wp-json\/wp\/v2\/categories?post=1519"},{"taxonomy":"post_tag","embeddable":true,"href":"https:\/\/le-point-de-capiton.net\/index.php\/wp-json\/wp\/v2\/tags?post=1519"}],"curies":[{"name":"wp","href":"https:\/\/api.w.org\/{rel}","templated":true}]}}