{"id":1986,"date":"2024-11-16T12:10:24","date_gmt":"2024-11-16T11:10:24","guid":{"rendered":"https:\/\/le-point-de-capiton.net\/?p=1986"},"modified":"2024-11-16T12:18:19","modified_gmt":"2024-11-16T11:18:19","slug":"psychiatrie-et-prison-des-sujets-a-lombre-du-monde-sebastien-firpi-tribune-publiee-dans-lhumanite-9-novembre-2023","status":"publish","type":"post","link":"https:\/\/le-point-de-capiton.net\/index.php\/2024\/11\/16\/psychiatrie-et-prison-des-sujets-a-lombre-du-monde-sebastien-firpi-tribune-publiee-dans-lhumanite-9-novembre-2023\/","title":{"rendered":"\u00ab\u00a0Psychiatrie et prison, des sujets \u00e0 l&rsquo;ombre du monde.\u00a0\u00bb S\u00e9bastien Firpi                      Tribune publi\u00e9e dans l&rsquo;Humanit\u00e9                     9 novembre 2023"},"content":{"rendered":"\n<p><strong>Psychiatrie et prison, des sujets \u00e0 l\u2019ombre du monde<br>Tribune publi\u00e9e \u00e0 L\u2019Humanit\u00e9, le 9 novembre 2023<\/strong><\/p>\n\n\n\n<p><br>\u00ab Tenir debout, dans l\u2019ombre du stigmate des blessures en l\u2019air \u00bb Paul Celan, 1967.<br>Un trajet morbide, simplicit\u00e9 de l\u2019horreur r\u00e9elle : H\u00f4pital, rue, prison ; cimeti\u00e8re.<br>La pratique de la psychiatrie de secteur en milieu p\u00e9nitentiaire1 observe l\u2019augmentation des<br>probl\u00e9matiques pathologiques psychiques et du taux de suicide depuis plusieurs ann\u00e9es. Dans<br>le m\u00eame temps, l\u2019h\u00f4pital est en grande difficult\u00e9 pour accueillir ses patients2.<br>Plusieurs \u00ab tribunes \u00bb r\u00e9centes introduisent cette situation3 : le refus du gouvernement de<br>d\u00e9battre une loi de r\u00e9gulation sur la population carc\u00e9rale4, l\u2019\u00e9tat de la justice5, ou encore<br>l\u2019\u00e9ni\u00e8me alerte6 du Contr\u00f4leur G\u00e9n\u00e9ral des Lieux de Privation de Libert\u00e9.7<br>La psychiatrie de secteur exerce un service au public aupr\u00e8s des personnes d\u00e9tenues au m\u00eame<br>titre que tout citoyen depuis la loi de 19948, toujours faut-il que les conditions le permettent. En<br>prison la pathologie psychiatrique est dix fois plus \u00e9lev\u00e9e et le taux de suicide au moins huit<br>fois plus important que pour la population g\u00e9n\u00e9rale9. Les chiffres actuels sont pr\u00e9occupants et<br>une actualisation \u00e9pid\u00e9miologique concr\u00e8te se fait attendre depuis vingt ans. Les exemples que<br>publient l\u2019Observatoire International des Prisons ne font que confirmer ce grave constat10.<br>Manifeste retour du refoul\u00e9 de l\u2019histoire : \u00ab On n\u2019a pas rougi de mettre les ali\u00e9n\u00e9s dans des<br>prisons (\u2026) ; ces infortun\u00e9s sont encha\u00een\u00e9s dans des cachots \u00e0 c\u00f4t\u00e9 des criminels. Quelle<br>monstrueuse association. Les ali\u00e9n\u00e9s tranquilles sont plus maltrait\u00e9s que des malfaiteurs \u00bb.11<br>La pratique au quotidien observe que nombre de ces sujets ont un parcours particuli\u00e8rement<br>institutionnalis\u00e9 attestant souvent de dispositifs asphyxi\u00e9s. Le probl\u00e8me central n\u2019est-il pas au<br>fond celui de nos institutions fondamentales12 ? La situation du secteur social, du m\u00e9dico-social,<br>de la justice, de la protection de l\u2019enfance, du soin, ou encore de l\u2019\u00e9ducation nationale en<br>t\u00e9moignent.13 Ce contexte suscite une angoisse, une solitude et un malaise chez les<br>professionnels qui retentit sur les \u00ab usagers \u00bb14 de tous ces champs.<br>Cette violence institutionnelle soul\u00e8ve une question : Toute politique qui ne tire pas parti de ses<br>possibilit\u00e9s pour maintenir un monde social collectif, \u00e9galitaire et juste pourrait-elle \u00eatre<br>consid\u00e9r\u00e9e comme \u00ab coupable de non-assistance \u00e0 personnes en danger \u00bb15 ?<br>En ce qui concerne au moins la psychiatrie et la prison, le l\u00e9gislateur abandonne l\u2019\u00e9thique de la<br>politique p\u00e9nale et du soin psychique au profit d\u2019une loi s\u00e9curitaire d\u00e9complex\u00e9e. Ces<br>dispositions mettent en \u00e9vidence la cause et les cons\u00e9quences de la surpopulation carc\u00e9rale qui<br>ne peuvent que susciter de nouvelles condamnations de la Cour Europ\u00e9enne des Droits de<br>l\u2019Homme16 qui \u00e9nonce cette situation \u00ab inhumaine \u00bb.17 Pour quelles raisons tout ceci ne<br>provoque que si peu d\u2019\u00e9cho ? Except\u00e9e une r\u00e9ponse du garde des sceaux18 qui balaye d\u2019un<br>revers de main m\u00e9prisant le travail de fond analys\u00e9 depuis des ann\u00e9es par des magistrats, des<br>praticiens hospitaliers, des chercheurs, et d\u2019autres professionnels exer\u00e7ant \u00e0 l\u2019h\u00f4pital, en<br>prison19, les t\u00e9moignages des d\u00e9tenus, des patients, et de leurs familles.<br>Nous ne pouvons que soutenir les engagements conjoints des citoyens, associations, institutions<br>et des collectifs d\u00e9j\u00e0 mobilis\u00e9s afin d\u2019exiger des politiques de prendre leur responsabilit\u00e9. C\u2019est<br>en terme structural que la situation est \u00e0 penser ; pour la soigner d\u2019abord, mais surtout pour<br>reb\u00e2tir solidement ensemble sur le lit de fondations encore l\u00e0 malgr\u00e9 le pessimisme ambiant qui<br>gagne les oeuvriers20 concern\u00e9s.<br>Pourquoi une telle mani\u00e8re de traiter les gens n\u2019implique aucune r\u00e9volte collective ? Est-ce<br>qu\u2019un individualisme aussi cruel qu\u2019aveugle a gagn\u00e9 le social, l\u2019opinion, et le discours<br>commun ? Sommes-nous si s\u00fbrs d\u2019\u00eatre chacun pr\u00e9serv\u00e9s de la folie, de la pr\u00e9carit\u00e9 ou du<br>passage \u00e0 l\u2019acte pour soi-m\u00eame ou ses proches ?<br>Nous avons \u00e0 souligner que \u00ab Nous ne pouvons juger du degr\u00e9 de civilisation d\u2019une nation<br>qu\u2019en visitant ses prisons. \u00bb21<br>Est-ce que l\u2019agressivit\u00e9 intrins\u00e8que \u00e0 tous \u00eatre parlant se circonscrit sp\u00e9cifiquement vers ces<br>gens abandonn\u00e9s, oubli\u00e9s puis invisibilis\u00e9s ?<br>Quand mettrons-nous \u00e0 la lumi\u00e8re les causes constitutionnelles \u00e0 l\u2019endroit de ces sujets \u00e0<br>l\u2019ombre du monde ?<br><strong>Sebastien Firpi22<\/strong><\/p>\n\n\n\n<p>1 Ce que soutient l\u2019Association des Secteurs de Psychiatrie en Milieu P\u00e9nitentiaire depuis de nombreuses ann\u00e9es :<br>https:\/\/www.aspmp.fr<br>2 https:\/\/www.transfinito.it\/dibattendo\/psychiatrie-et-prisoninquitante-actualit-politique<br>3 https:\/\/www.humanite.fr\/mot-cle\/surpopulation-carcerale<br>4 https:\/\/www.lemonde.fr\/idees\/article\/2023\/07\/24\/prisons-comment-comprendre-que-le-garde-des-sceaux-s-<br>oppose-a-toute-programmation-afin-de-reduire-la-surpopulation-carcerale_6183195_3232.html<br>5 https:\/\/www.lemonde.fr\/idees\/article\/2023\/09\/09\/les-comparutions-immediates-exception-procedurale-<br>francaise-representent-une-justice-de-deuxieme-classe-inacceptable_6188624_3232.html<br>6 https:\/\/www.cglpl.fr\/2023\/rapport-relatif-a-la-dignite-des-conditions-de-detention-au-quartier-maison-darret-<br>des-hommes-de-la-maison-darret-de-saintes-charente-maritime\/<br>7 https:\/\/www.lemonde.fr\/societe\/article\/2023\/09\/14\/surpopulation-carcerale-en-france-la-controleuse-des-<br>prisons-prone-a-nouveau-un-mecanisme-contraignant-de-regulation_6189300_3224.html<br>8 https:\/\/sante.gouv.fr\/prevention-en-sante\/sante-des-populations\/personnes-detenues-personnes-placees-sous-<br>main-de-justice\/article\/les-personnes-<br>detenues#:~:text=La%20loi%20de%20janvier%201994,aux%20soins%20de%20ces%20personnes.<br>9 Falissard B., Rouillon F., et al (2004), \u00ab \u00c9tude \u00e9pid\u00e9miologique des troubles psychiatriques chez les d\u00e9tenus.<br>R\u00e9sultats pr\u00e9liminaires. \u00bb Colloque de la mutualit\u00e9, \u00ab 10\u00e8me anniversaire de la loi de 1994 \u00bb sur la sant\u00e9 des<br>d\u00e9tenus.<br>10 https:\/\/oip.org\/decrypter\/thematiques\/deces-en-detention-et-suicides\/<br>11 Foucault M., (1961), L\u2019histoire de la folie \u00e0 l\u2019\u00e2ge classique, \u00ab Le nouveau partage \u00bb, 1018, 1971, Paris.<br>12 https:\/\/www.cairn.info\/revue-vie-sociale-et-traitements-2021-1-page-87.htm<br>13 C\u2019est pr\u00e9cis\u00e9ment ce que pointe l\u2019Appel des appels depuis pr\u00e8s de 15 ans.<br>14 Des mouvements tels que la pratique s\u2019inspirant de la Psychoth\u00e9rapie Institutionnelle aide continuellement \u00e0<br>analyser et d\u00e9placer. C\u2019est ce que le Printemps de la Psychiatrie notamment mobilise r\u00e9guli\u00e8rement aux entours<br>des Assises du soin psychique.<br>15 Bourdieu P., (1993), La mis\u00e8re du monde, Points essais, Paris, 2015.<br>16 https:\/\/oip.org\/communique\/surpopulation-carcerale-et-conditions-de-detention-indignes-la-france-<br>condamnee-par-la-cedh-cour-europeenne-droits-de-homme\/#<br>17 Sur le site du S\u00e9nat, Rapport n\u00b0449, Prisons : une humiliation pour la R\u00e9publique (tome 1).<br>18 https:\/\/www.cglpl.fr\/wp-content\/uploads\/2023\/09\/joe_20230929_0226_0072.pdf<br>19 Le travail de l\u2019Association des Secteurs de Psychiatrie en Milieu P\u00e9nitentiaire en t\u00e9moigne historiquement et<br>engage sa poursuite : https:\/\/www.aspmp.fr\/journ\u00e9es-nationales-des-spmp\/<br>20 GORI R., SYLVESTRE C., LUBAT B., (2017), Le manifeste des oeuvriers, Actes Sud, LLL, Paris.<br>21 Dosto\u00efevski F., (1862), Souvenir de la Maison des Morts, dans : The House of the Dead traduit par Constance<br>Garnett, The Yale Book of Quotations (2006), Fred R. Shapiro, p. 210.<br><strong>22 Psychologue clinicien hospitalier en psychiatrie de secteur en milieu carc\u00e9ral, psychanalyste, docteur en<br>psychopathologie clinique et psychanalyse, superviseur en institution, formateur en travail social, membre de<br>l\u2019Association des Secteurs de Psychiatrie en Milieu P\u00e9nitentiaire, de L\u2019Appel des appels et de l\u2019@psychanalyse.<br>Auteur de plusieurs articles et contributions d\u2019ouvrages chez Er\u00e8s, L\u2019Harmattan, ou encore dans L\u2019Humanit\u00e9 et<br>Respublica.<\/strong><\/p>\n\n\n\n<p><\/p>\n","protected":false},"excerpt":{"rendered":"<p>Psychiatrie et prison, des sujets \u00e0 l\u2019ombre du mondeTribune publi\u00e9e \u00e0 L\u2019Humanit\u00e9, le 9 novembre 2023 \u00ab Tenir debout, dans l\u2019ombre du stigmate des blessures en l\u2019air \u00bb Paul Celan, &#8230;<\/p>\n","protected":false},"author":1,"featured_media":0,"comment_status":"closed","ping_status":"open","sticky":false,"template":"","format":"standard","meta":{"footnotes":""},"categories":[9],"tags":[],"class_list":["post-1986","post","type-post","status-publish","format-standard","hentry","category-psychiatrie"],"_links":{"self":[{"href":"https:\/\/le-point-de-capiton.net\/index.php\/wp-json\/wp\/v2\/posts\/1986","targetHints":{"allow":["GET"]}}],"collection":[{"href":"https:\/\/le-point-de-capiton.net\/index.php\/wp-json\/wp\/v2\/posts"}],"about":[{"href":"https:\/\/le-point-de-capiton.net\/index.php\/wp-json\/wp\/v2\/types\/post"}],"author":[{"embeddable":true,"href":"https:\/\/le-point-de-capiton.net\/index.php\/wp-json\/wp\/v2\/users\/1"}],"replies":[{"embeddable":true,"href":"https:\/\/le-point-de-capiton.net\/index.php\/wp-json\/wp\/v2\/comments?post=1986"}],"version-history":[{"count":1,"href":"https:\/\/le-point-de-capiton.net\/index.php\/wp-json\/wp\/v2\/posts\/1986\/revisions"}],"predecessor-version":[{"id":1987,"href":"https:\/\/le-point-de-capiton.net\/index.php\/wp-json\/wp\/v2\/posts\/1986\/revisions\/1987"}],"wp:attachment":[{"href":"https:\/\/le-point-de-capiton.net\/index.php\/wp-json\/wp\/v2\/media?parent=1986"}],"wp:term":[{"taxonomy":"category","embeddable":true,"href":"https:\/\/le-point-de-capiton.net\/index.php\/wp-json\/wp\/v2\/categories?post=1986"},{"taxonomy":"post_tag","embeddable":true,"href":"https:\/\/le-point-de-capiton.net\/index.php\/wp-json\/wp\/v2\/tags?post=1986"}],"curies":[{"name":"wp","href":"https:\/\/api.w.org\/{rel}","templated":true}]}}