{"id":2115,"date":"2025-06-10T21:38:22","date_gmt":"2025-06-10T19:38:22","guid":{"rendered":"https:\/\/le-point-de-capiton.net\/?p=2115"},"modified":"2025-06-20T05:03:03","modified_gmt":"2025-06-20T03:03:03","slug":"traversees-restitution-le-13-juin-2025-de-14h-a-16h-au-pontet-vaucluse","status":"publish","type":"post","link":"https:\/\/le-point-de-capiton.net\/index.php\/2025\/06\/10\/traversees-restitution-le-13-juin-2025-de-14h-a-16h-au-pontet-vaucluse\/","title":{"rendered":"Travers\u00e9es restitution le 13 juin 2025 de 14h \u00e0 16h au Pontet ( Vaucluse)"},"content":{"rendered":"\n<p><strong>Restitution du projet Travers\u00e9es<\/strong><br><strong>Vendredi 13 juin 2025 \u2013 de 14h \u00e0 16h<\/strong><br><strong>Club de l&rsquo;Amiti\u00e9 \u2013 1 avenue Pasteur \u2013 Le Pontet . 84<\/strong><\/p>\n\n\n\n<div data-wp-interactive=\"core\/file\" class=\"wp-block-file\"><object data-wp-bind--hidden=\"!state.hasPdfPreview\" hidden class=\"wp-block-file__embed\" data=\"https:\/\/le-point-de-capiton.net\/wp-content\/uploads\/2025\/06\/Dossier-Presse-Traversees-2025.pdf\" type=\"application\/pdf\" style=\"width:100%;height:600px\" aria-label=\"Contenu embarqu\u00e9 Dossier Presse Traverse\u0301es 2025.\"><\/object><a id=\"wp-block-file--media-f5175258-e85e-4c56-af2d-1fadf9cada43\" href=\"https:\/\/le-point-de-capiton.net\/wp-content\/uploads\/2025\/06\/Dossier-Presse-Traversees-2025.pdf\">Dossier Presse Traverse\u0301es 2025<\/a><a href=\"https:\/\/le-point-de-capiton.net\/wp-content\/uploads\/2025\/06\/Dossier-Presse-Traversees-2025.pdf\" class=\"wp-block-file__button wp-element-button\" download aria-describedby=\"wp-block-file--media-f5175258-e85e-4c56-af2d-1fadf9cada43\">T\u00e9l\u00e9charger<\/a><\/div>\n\n\n\n<p><strong>Il y a des paroles qu&rsquo;on croyait perdues, des voix qu&rsquo;on n&rsquo;attendait plus.<br><em>Travers\u00e9es<\/em> leur a tendu l&rsquo;oreille, doucement, patiemment.<\/strong><\/p>\n\n\n\n<p>Cinq ans d&rsquo;\u00e9pop\u00e9e d\u00e9j\u00e0\u2026 comme le temps passe.<br><em>Travers\u00e9es<\/em> tisse des liens entre les \u00e2ges, les langues, les m\u00e9moires.<br>Cinq ann\u00e9es \u00e0 faire \u00e9merger des paroles enfouies, \u00e0 cueillir des histoires qui ne s&rsquo;\u00e9crivent pas dans les manuels.<br>Des femmes lieux d&rsquo;ailleurs, des enfants d&rsquo;ici, des fragments de vie mis en partage.<br>De l&rsquo;\u00e9coute, du silence, des \u00e9clats de voix.<\/p>\n\n\n\n<p>Cette \u00e9dition marque la fin d&rsquo;un cycle, mais ne ferme aucune porte.<br>Elle c\u00e9l\u00e8bre la beaut\u00e9 des liens tiss\u00e9s, des gestes transmis, des regards \u00e9chang\u00e9s.<\/p>\n\n\n\n<p>Le <strong>vendredi 13 juin<\/strong> , les participants aux ateliers d&rsquo;\u00e9criture, les enfants des \u00e9coles Louis Pasteur et Marie Curie, et les artistes complices vous invitent \u00e0 un moment sensible et joyeux.<br><strong>Venez entendre ce qui se murmure entre les lignes, venez c\u00e9l\u00e9brer cet instant \u00e0 leurs c\u00f4t\u00e9s.<\/strong><\/p>\n\n\n\n<p><strong>Avec la complicit\u00e9 de :<\/strong><\/p>\n\n\n\n<p>Simone Molina (po\u00e8te et animatrice d&rsquo;atelier d&rsquo;\u00e9criture)<br>Sophie Mangin (com\u00e9dienne et plasticienne)<br>\u00c9lodie Fun\u00e8s (musicienne)<\/p>\n\n\n\n<p>Les femmes en ateliers d&rsquo;\u00e9criture et de mise en voix (femmes en alphab\u00e9tisation)<\/p>\n\n\n\n<p>Les enfants des \u00e9coles Louis Pasteur et Marie Curie du Pontet.<\/p>\n\n\n\n<p><strong>On vous attend, comme toujours !<\/strong><\/p>\n\n\n\n<p><img width=\"162\" height=\"200\"><br><strong>L&rsquo;Antre Lieux<\/strong><\/p>\n\n\n\n<p>Association loi 1901<\/p>\n\n\n\n<p>1, Cit\u00e9 Louis Gros<\/p>\n\n\n\n<p>84000 AVIGNON<\/p>\n\n\n\n<p>T\u00e9l : 06 52 27 10 88<br>courriel : <a href=\"mailto:contact@lantrelieux.fr\" rel=\"noreferrer noopener\" target=\"_blank\">contact@lantrelieux.fr<\/a> <a href=\"mailto:lantrelieu@gmail.com\" rel=\"noreferrer noopener\" target=\"_blank\"><\/a>&#8211; <a href=\"http:\/\/lantrelieux.fr\/\" rel=\"noreferrer noopener\" target=\"_blank\">lantrelieux.fr<\/a><br>Siret : 808 873 913 00020 &#8211; APE :9001Z<\/p>\n","protected":false},"excerpt":{"rendered":"<p>Restitution du projet Travers\u00e9esVendredi 13 juin 2025 \u2013 de 14h \u00e0 16hClub de l&rsquo;Amiti\u00e9 \u2013 1 avenue Pasteur \u2013 Le Pontet . 84 Il y a des paroles qu&rsquo;on croyait &#8230;<\/p>\n","protected":false},"author":1,"featured_media":0,"comment_status":"closed","ping_status":"open","sticky":false,"template":"","format":"standard","meta":{"footnotes":""},"categories":[20,27,3,7],"tags":[],"class_list":["post-2115","post","type-post","status-publish","format-standard","hentry","category-atelier-decriture","category-lectures","category-art","category-poesie"],"_links":{"self":[{"href":"https:\/\/le-point-de-capiton.net\/index.php\/wp-json\/wp\/v2\/posts\/2115","targetHints":{"allow":["GET"]}}],"collection":[{"href":"https:\/\/le-point-de-capiton.net\/index.php\/wp-json\/wp\/v2\/posts"}],"about":[{"href":"https:\/\/le-point-de-capiton.net\/index.php\/wp-json\/wp\/v2\/types\/post"}],"author":[{"embeddable":true,"href":"https:\/\/le-point-de-capiton.net\/index.php\/wp-json\/wp\/v2\/users\/1"}],"replies":[{"embeddable":true,"href":"https:\/\/le-point-de-capiton.net\/index.php\/wp-json\/wp\/v2\/comments?post=2115"}],"version-history":[{"count":2,"href":"https:\/\/le-point-de-capiton.net\/index.php\/wp-json\/wp\/v2\/posts\/2115\/revisions"}],"predecessor-version":[{"id":2145,"href":"https:\/\/le-point-de-capiton.net\/index.php\/wp-json\/wp\/v2\/posts\/2115\/revisions\/2145"}],"wp:attachment":[{"href":"https:\/\/le-point-de-capiton.net\/index.php\/wp-json\/wp\/v2\/media?parent=2115"}],"wp:term":[{"taxonomy":"category","embeddable":true,"href":"https:\/\/le-point-de-capiton.net\/index.php\/wp-json\/wp\/v2\/categories?post=2115"},{"taxonomy":"post_tag","embeddable":true,"href":"https:\/\/le-point-de-capiton.net\/index.php\/wp-json\/wp\/v2\/tags?post=2115"}],"curies":[{"name":"wp","href":"https:\/\/api.w.org\/{rel}","templated":true}]}}