{"id":2127,"date":"2025-06-20T04:09:22","date_gmt":"2025-06-20T02:09:22","guid":{"rendered":"https:\/\/le-point-de-capiton.net\/?p=2127"},"modified":"2025-06-20T04:28:51","modified_gmt":"2025-06-20T02:28:51","slug":"deces-michel-fennetaux","status":"publish","type":"post","link":"https:\/\/le-point-de-capiton.net\/index.php\/2025\/06\/20\/deces-michel-fennetaux\/","title":{"rendered":"D\u00e9c\u00e8s Michel Fennetaux"},"content":{"rendered":"\n<figure class=\"wp-block-image size-full\"><img loading=\"lazy\" decoding=\"async\" width=\"142\" height=\"220\" src=\"https:\/\/le-point-de-capiton.net\/wp-content\/uploads\/2025\/06\/annonces-190-0-1.jpg\" alt=\"\" class=\"wp-image-2132\"\/><\/figure>\n\n\n\n<p>e suis tr\u00e9s triste de vous annoncer le d\u00e9c\u00e8s brutal de mon ami Michel Fennetaux, psychanalyste \u00e0 Paris et \u00e9crivain. Il a \u00e9t\u00e9 membre de l&rsquo;Ecole Freudienne, puis de la \u00ab\u00a0Convention Psychanalytique\u00a0\u00bb.<\/p>\n\n\n\n<p>Il est une des figures importantes pour le Point de Capiton. Il a \u00e9t\u00e9 tr\u00e8s pr\u00e9sent dans le travail sur la m\u00e9moire qui a \u00e9t\u00e9 un th\u00e8me majeur de ces ann\u00e9es l\u00e0, et particuli\u00e8rement apr\u00e8s la profanation du cimeti\u00e8re juif de Carpentras. Il a en effet contribu\u00e9 \u00e0 de nombreux colloques et groupes de travail organis\u00e9s dans les ann\u00e9es 90 dans le Vaucluse.<br>Il a anim\u00e9 des s\u00e9minaires \u00e0 Marseille, au cours desquels la libert\u00e9 de ton c\u00f4toyait la rigueur th\u00e9orico-clinique, et a particip\u00e9 \u00e0 de nombreuses rencontres psychanalytiques dans notre r\u00e9gion.<\/p>\n\n\n\n<p>Il est l&rsquo;auteur de deux ouvrages : \u00a0\u00bb La psychanalyse, chemin des Lumi\u00e8res ?\u00a0\u00bb et \u00a0\u00bb et d\u00e9s lors ma guerre commen\u00e7a\u00a0\u00bb.<br>Dans ce dernier ouvrage, il parle, dans une langue magnifique, du R\u00e9el du corps pris par la maladie de Parkinson.<\/p>\n\n\n\n<p>Je lui ai consacr\u00e9 un chapitre de mon livre, puisqu&rsquo;il a \u00e9t\u00e9 tr\u00e8s t\u00f4t l&rsquo;un des rares psychanalystes qui abordaient la difficile question de la psychanalyse et du politique. Mais il \u00e9tait aussi un homme dont le courage au quotidien, l&rsquo;absence de plainte, la vivacit\u00e9 de la pens\u00e9e, for\u00e7aient l&rsquo;admiration.<\/p>\n\n\n\n<p>Lors du colloque du Point de Capiton en 2003, \u00a0\u00bb La po\u00e9sie, margelle du R\u00e9el ?\u00a0\u00bb qui eut lieu \u00e0 la Sc\u00e8ne Nationale de Cavaillon, il eut l&rsquo;id\u00e9e d&rsquo;un s\u00e9minaire qu&rsquo;il a intitul\u00e9 \u00a0\u00bb Paroles \/g\u00e9nocides\u00a0\u00bb qu&rsquo;il cr\u00e9a ensuite \u00e0 Paris et qui se r\u00e9unit r\u00e9guli\u00e8rement \u00e0 l&rsquo;Ecole des Mines encore aujourd&rsquo;hui. Ses amis comme ses compagnons de travail sont dans la peine..<\/p>\n\n\n\n<p>Je garde de lui la pr\u00e9sence de son sourire malicieux et l&rsquo;acuit\u00e9 de son regard sur le monde.<br>Ceux qui l&rsquo;ont connu savent combien il va nous manquer.<\/p>\n\n\n\n<p>Amicalement<br>Simone Molina<\/p>\n\n\n\n<p>Michel nous a quitt\u00e9s, brutalement, jeudi dernier, en d\u00e9but d\u2019apr\u00e8s-midi.<br>Avec tous ceux qui souhaitent \u00eatre aux c\u00f4t\u00e9s de Jacqueline, ses enfants et petits-enfants, nous nous retrouverons, pour l\u2019inhumation:<br>JEUDI 10 AVRIL, \u00e0 14h30<br>Entr\u00e9e principale du cimeti\u00e8re du P\u00e8re Lachaise<br>8 Bd M\u00e9nilmontant, Paris 20<br>Jeanne Bernard, Jacqueline Fennetaux, Joseph Gazengel, Tony L\u00e9vy<\/p>\n","protected":false},"excerpt":{"rendered":"<p>e suis tr\u00e9s triste de vous annoncer le d\u00e9c\u00e8s brutal de mon ami Michel Fennetaux, psychanalyste \u00e0 Paris et \u00e9crivain. Il a \u00e9t\u00e9 membre de l&rsquo;Ecole Freudienne, puis de la &#8230;<\/p>\n","protected":false},"author":1,"featured_media":0,"comment_status":"closed","ping_status":"open","sticky":false,"template":"","format":"standard","meta":{"footnotes":""},"categories":[17],"tags":[],"class_list":["post-2127","post","type-post","status-publish","format-standard","hentry","category-textes"],"_links":{"self":[{"href":"https:\/\/le-point-de-capiton.net\/index.php\/wp-json\/wp\/v2\/posts\/2127","targetHints":{"allow":["GET"]}}],"collection":[{"href":"https:\/\/le-point-de-capiton.net\/index.php\/wp-json\/wp\/v2\/posts"}],"about":[{"href":"https:\/\/le-point-de-capiton.net\/index.php\/wp-json\/wp\/v2\/types\/post"}],"author":[{"embeddable":true,"href":"https:\/\/le-point-de-capiton.net\/index.php\/wp-json\/wp\/v2\/users\/1"}],"replies":[{"embeddable":true,"href":"https:\/\/le-point-de-capiton.net\/index.php\/wp-json\/wp\/v2\/comments?post=2127"}],"version-history":[{"count":3,"href":"https:\/\/le-point-de-capiton.net\/index.php\/wp-json\/wp\/v2\/posts\/2127\/revisions"}],"predecessor-version":[{"id":2133,"href":"https:\/\/le-point-de-capiton.net\/index.php\/wp-json\/wp\/v2\/posts\/2127\/revisions\/2133"}],"wp:attachment":[{"href":"https:\/\/le-point-de-capiton.net\/index.php\/wp-json\/wp\/v2\/media?parent=2127"}],"wp:term":[{"taxonomy":"category","embeddable":true,"href":"https:\/\/le-point-de-capiton.net\/index.php\/wp-json\/wp\/v2\/categories?post=2127"},{"taxonomy":"post_tag","embeddable":true,"href":"https:\/\/le-point-de-capiton.net\/index.php\/wp-json\/wp\/v2\/tags?post=2127"}],"curies":[{"name":"wp","href":"https:\/\/api.w.org\/{rel}","templated":true}]}}