{"id":213,"date":"2018-06-11T20:11:05","date_gmt":"2018-06-11T19:11:05","guid":{"rendered":"http:\/\/le-point-de-capiton.net\/actu\/?p=213"},"modified":"2018-06-11T20:11:05","modified_gmt":"2018-06-11T19:11:05","slug":"23-juin-2018-a-10h30-a-utopiaavignon-rester-vivant-de-erik-lieshout-suivi-dun-debat","status":"publish","type":"post","link":"https:\/\/le-point-de-capiton.net\/index.php\/2018\/06\/11\/23-juin-2018-a-10h30-a-utopiaavignon-rester-vivant-de-erik-lieshout-suivi-dun-debat\/","title":{"rendered":"23 juin 2018 \u00e0 10h30 \u00e0 Utopia\/Avignon : \u00a0\u00bb Rester Vivant\u00a0\u00bb de Erik Lieshout, suivi d&rsquo;un d\u00e9bat."},"content":{"rendered":"<p>\t\t\t\t\u00a0\u00bb le 23 juin 2018 \u00e0 10h30 \u00e0 Utopia\/Avignon : \u00a0\u00bb Rester Vivant\u00a0\u00bb de Erik Lieshout, suivi d&rsquo;un d\u00e9bat.<\/p>\n<p>\u00ab\u00a0Le Point de Capiton, souhaite terminer la saison 2017-2018 en vous invitant \u00e0 participer \u00e0 la projection du tr\u00e9s beau film \u00ab\u00a0Rester Vivant\u00a0\u00bb de Erik Lieshout, qui sera suivi d&rsquo;un d\u00e9bat anim\u00e9 par Simone Molina.<\/p>\n<p>Ce film vient rencontrer les th\u00e9matiques qui nous sont ch\u00e8res : La cr\u00e9ation artistique, la part de folie en chacun de nous, le d\u00e9sir de \u00ab\u00a0rester vivant\u00a0\u00bb malgr\u00e9 et avec les \u00e9preuves de la vie, la musique et la po\u00e9sie, la peinture et la litt\u00e9rature&#8230;Ce qui nous fait chacun tenir debout : \u00eatre \u00e0 l&rsquo;\u00e9coute de soi et du monde, d&rsquo;une humanit\u00e9 partag\u00e9e, et r\u00e9sister aux sir\u00e8nes du d\u00e9sespoir.<br \/>\nNous vous attendons nombreux pour cette projection qui aura lieu le 23 juin 2018 \u00e0 10h30.\u00a0\u00bb<\/p>\n<p>PS :<br \/>\n\u00ab\u00a0A noter : le 22 septembre 2018, \u00e0 10h30 sera programm\u00e9 le film \u00a0\u00bb Le sous-bois des insens\u00e9s\u00a0\u00bb de Martine Deyres, au cin\u00e9ma Utopia\/ Avignon, avec un d\u00e9bat public. ( sous r\u00e9serve d&rsquo;accord du producteur)<br \/>\nLe m\u00eame jour, 22 septembre, auront lieu deux autres rendez-vous du Point de Capiton \u00e0 Isle sur la Sorgue :<br \/>\n14h30 : Assembl\u00e9e g\u00e9n\u00e9rale du Point de Capiton \u00e0 La Fabrique, \u00e0 Isle sur sorgues, Cours Fernande Peyre. H\u00e9l\u00e8ne Geraci pr\u00e9sentera les Actes du dernier colloque qui paraitront \u00e0 cette occasion et dont elle a assur\u00e9 la mise en oeuvre..<br \/>\n18h30 nous recevrons Pascale Hassoun \u00e0 la Librairie \u00a0\u00bb Le passeur de l&rsquo;Isle\u00a0\u00bb \u00e0 Isle sur Sorgue, pour son ouvrage \u00a0\u00bb Un dragon sur le Divan\u00a0\u00bb ed Eres\u00a0\u00bb<\/p>\n<p>Enfin, en projet&#8230;les films de la cin\u00e9aste nurith aviv pour la saison 2019 ainsi que des films essentiels sur l&rsquo;autisme propos\u00e9s par Anne Rivet.<\/p>\n<p>Pour le CA du Point de Capiton\t\t<\/p>\n","protected":false},"excerpt":{"rendered":"<p>\u00a0\u00bb le 23 juin 2018 \u00e0 10h30 \u00e0 Utopia\/Avignon : \u00a0\u00bb Rester Vivant\u00a0\u00bb de Erik Lieshout, suivi d&rsquo;un d\u00e9bat. \u00ab\u00a0Le Point de Capiton, souhaite terminer la saison 2017-2018 en vous &#8230;<\/p>\n","protected":false},"author":1,"featured_media":0,"comment_status":"open","ping_status":"open","sticky":false,"template":"","format":"standard","meta":{"footnotes":""},"categories":[2,4],"tags":[],"class_list":["post-213","post","type-post","status-publish","format-standard","hentry","category-activites-du-point-de-capiton","category-cinema"],"_links":{"self":[{"href":"https:\/\/le-point-de-capiton.net\/index.php\/wp-json\/wp\/v2\/posts\/213","targetHints":{"allow":["GET"]}}],"collection":[{"href":"https:\/\/le-point-de-capiton.net\/index.php\/wp-json\/wp\/v2\/posts"}],"about":[{"href":"https:\/\/le-point-de-capiton.net\/index.php\/wp-json\/wp\/v2\/types\/post"}],"author":[{"embeddable":true,"href":"https:\/\/le-point-de-capiton.net\/index.php\/wp-json\/wp\/v2\/users\/1"}],"replies":[{"embeddable":true,"href":"https:\/\/le-point-de-capiton.net\/index.php\/wp-json\/wp\/v2\/comments?post=213"}],"version-history":[{"count":0,"href":"https:\/\/le-point-de-capiton.net\/index.php\/wp-json\/wp\/v2\/posts\/213\/revisions"}],"wp:attachment":[{"href":"https:\/\/le-point-de-capiton.net\/index.php\/wp-json\/wp\/v2\/media?parent=213"}],"wp:term":[{"taxonomy":"category","embeddable":true,"href":"https:\/\/le-point-de-capiton.net\/index.php\/wp-json\/wp\/v2\/categories?post=213"},{"taxonomy":"post_tag","embeddable":true,"href":"https:\/\/le-point-de-capiton.net\/index.php\/wp-json\/wp\/v2\/tags?post=213"}],"curies":[{"name":"wp","href":"https:\/\/api.w.org\/{rel}","templated":true}]}}