{"id":2138,"date":"2025-06-20T04:48:20","date_gmt":"2025-06-20T02:48:20","guid":{"rendered":"https:\/\/le-point-de-capiton.net\/?p=2138"},"modified":"2025-09-08T20:52:36","modified_gmt":"2025-09-08T18:52:36","slug":"soiree-de-lancement-revue-lapsus-numerique-8-25-juin-friche-de-la-belle-de-mai-marseille","status":"publish","type":"post","link":"https:\/\/le-point-de-capiton.net\/index.php\/2025\/06\/20\/soiree-de-lancement-revue-lapsus-numerique-8-25-juin-friche-de-la-belle-de-mai-marseille\/","title":{"rendered":"Soir\u00e9e de lancement \u2013 Revue Lapsus Num\u00e9rique #8 25 juin 18h30 Friche de la Belle de Mai Marseille"},"content":{"rendered":"\n<p><strong>Pourquoi (pas) la haine ?<\/strong> <\/p>\n\n\n\n<p>Le Collectif&nbsp;Lapsus Num\u00e9rique&nbsp;vous invite \u00e0 la&nbsp;<strong>Friche la Belle de Mai<\/strong>&nbsp;pour le lancement du 8e num\u00e9ro de sa revue, consacr\u00e9e \u00e0 la question&nbsp;<strong>\u00ab Pourquoi (pas) la haine ? \u00bb.<\/strong><\/p>\n\n\n\n<p><strong>Programme de la soir\u00e9e (18H30 &#8211; 22H30), en partenariat avec la librairie de la Friche :<\/strong><br>\u2014 Pr\u00e9sentation de la revue et interventions des membres du collectif<br>\u2014 Projection d&rsquo;\u0153uvres de&nbsp;<strong>Nicolas Clauss<\/strong>&nbsp;, artiste invit\u00e9 dans ce num\u00e9ro<br>\u2014 Discussions autour de la Haine, de sa port\u00e9e th\u00e9orique en passant par ses entours politiques et travers\u00e9es artistiques<br>\u2014 Temps convivial<br><br>Un moment de rencontre en chaise et en&nbsp;<em>lettres&#8230;<\/em><br><br>\ud83d\udccd&nbsp;<em>Friche la Belle de Mai &#8211; Labofriche<\/em><br>\ud83d\uddd3\ufe0f&nbsp;<em>25 juin 2025<\/em><br>\ud83c\udf9f\ufe0f&nbsp;<em>Entr\u00e9e libre, sous r\u00e9serve d&rsquo;inscription<\/em><br><br><strong>Nombre de places limit\u00e9 &#8211; R\u00e9servation conseill\u00e9e.<\/strong><\/p>\n\n\n\n<p>Pour r\u00e9server  : <a href=\"https:\/\/www.lapsusnumerique.fr\/\">https:\/\/www.lapsusnumerique.fr\/<\/a> <\/p>\n\n\n\n<p><\/p>\n","protected":false},"excerpt":{"rendered":"<p>Pourquoi (pas) la haine ? Le Collectif&nbsp;Lapsus Num\u00e9rique&nbsp;vous invite \u00e0 la&nbsp;Friche la Belle de Mai&nbsp;pour le lancement du 8e num\u00e9ro de sa revue, consacr\u00e9e \u00e0 la question&nbsp;\u00ab Pourquoi (pas) la &#8230;<\/p>\n","protected":false},"author":1,"featured_media":0,"comment_status":"closed","ping_status":"open","sticky":false,"template":"","format":"standard","meta":{"footnotes":""},"categories":[19,8,3,6],"tags":[],"class_list":["post-2138","post","type-post","status-publish","format-standard","hentry","category-conference","category-psychanalyse","category-art","category-parution-de-livres"],"_links":{"self":[{"href":"https:\/\/le-point-de-capiton.net\/index.php\/wp-json\/wp\/v2\/posts\/2138","targetHints":{"allow":["GET"]}}],"collection":[{"href":"https:\/\/le-point-de-capiton.net\/index.php\/wp-json\/wp\/v2\/posts"}],"about":[{"href":"https:\/\/le-point-de-capiton.net\/index.php\/wp-json\/wp\/v2\/types\/post"}],"author":[{"embeddable":true,"href":"https:\/\/le-point-de-capiton.net\/index.php\/wp-json\/wp\/v2\/users\/1"}],"replies":[{"embeddable":true,"href":"https:\/\/le-point-de-capiton.net\/index.php\/wp-json\/wp\/v2\/comments?post=2138"}],"version-history":[{"count":5,"href":"https:\/\/le-point-de-capiton.net\/index.php\/wp-json\/wp\/v2\/posts\/2138\/revisions"}],"predecessor-version":[{"id":2144,"href":"https:\/\/le-point-de-capiton.net\/index.php\/wp-json\/wp\/v2\/posts\/2138\/revisions\/2144"}],"wp:attachment":[{"href":"https:\/\/le-point-de-capiton.net\/index.php\/wp-json\/wp\/v2\/media?parent=2138"}],"wp:term":[{"taxonomy":"category","embeddable":true,"href":"https:\/\/le-point-de-capiton.net\/index.php\/wp-json\/wp\/v2\/categories?post=2138"},{"taxonomy":"post_tag","embeddable":true,"href":"https:\/\/le-point-de-capiton.net\/index.php\/wp-json\/wp\/v2\/tags?post=2138"}],"curies":[{"name":"wp","href":"https:\/\/api.w.org\/{rel}","templated":true}]}}