{"id":2151,"date":"2025-09-08T20:49:10","date_gmt":"2025-09-08T18:49:10","guid":{"rendered":"https:\/\/le-point-de-capiton.net\/?p=2151"},"modified":"2025-12-03T21:41:49","modified_gmt":"2025-12-03T20:41:49","slug":"salon-des-createurs-du-chm-16-18-et-19-septembre-2025-le-19-septembre-a-12h30-simone-molina-et-pierre-fayolle-lecture-musicale","status":"publish","type":"post","link":"https:\/\/le-point-de-capiton.net\/index.php\/2025\/09\/08\/salon-des-createurs-du-chm-16-18-et-19-septembre-2025-le-19-septembre-a-12h30-simone-molina-et-pierre-fayolle-lecture-musicale\/","title":{"rendered":"Salon des cr\u00e9ateurs du CHM 16\/18 et 19 septembre 2025                                                  Le 19 septembre \u00e0 12h30, Simone Molina et Pierre Fayolle, lecture musicale"},"content":{"rendered":"\n<p><\/p>\n\n\n\n<p>Bo\u00eete de r\u00e9ception<\/p>\n\n\n\n<figure class=\"wp-block-image size-large\"><img loading=\"lazy\" decoding=\"async\" width=\"1024\" height=\"344\" src=\"https:\/\/le-point-de-capiton.net\/wp-content\/uploads\/2025\/09\/image1-1024x344.png\" alt=\"\" class=\"wp-image-2152\" srcset=\"https:\/\/le-point-de-capiton.net\/wp-content\/uploads\/2025\/09\/image1-1024x344.png 1024w, https:\/\/le-point-de-capiton.net\/wp-content\/uploads\/2025\/09\/image1-300x101.png 300w, https:\/\/le-point-de-capiton.net\/wp-content\/uploads\/2025\/09\/image1-768x258.png 768w, https:\/\/le-point-de-capiton.net\/wp-content\/uploads\/2025\/09\/image1.png 1249w\" sizes=\"auto, (max-width: 1024px) 100vw, 1024px\" \/><\/figure>\n\n\n\n<p><\/p>\n\n\n\n<p><strong>Le CLOS et le CHM mettent \u00e0 l&rsquo;honneur&#8230;<\/strong><strong>Andr\u00e9 Castelli, Camille Estrangin, Christian Perrier, Claire Capron, Isabelle Ralle, Isabelle Renaut, Jean-Claude Maurel, J\u00e9rome Mariel,<\/strong><\/p>\n\n\n\n<p><strong>Laure Isard-Griffon,\u00a0<\/strong><strong>\u00a0Manon Lucibello, Marie-Annick Meucci, Marie-H\u00e9lene Simon, Mathilde Docher, Pierre Ngo-Tan, S\u00e9verine Moretti,\u00a0<\/strong><strong>Simone Molina, Suzanne Vandern.<\/strong>(<strong>\u00a0En pi\u00e8ce-jointe leurs pr\u00e9sentations\u00a0<\/strong>)<strong>lors du second  <\/strong><strong><u>Salon\u00a0des cr\u00e9ateurs\u00a0du Centre hospitalier de Montfavet. 84<\/u><\/strong><\/p>\n\n\n\n<p><strong>qui aura lieu les 16, 18 et 19 septembre 2025 de 11h00 \u00e0 16h00 au TEMPLE. <\/strong><strong>Vernissage le mardi 16 septembre 25 \u00e0 11h30\u00a0<\/strong><strong><br><\/strong>Autours de quelques gourmandises&#8230;\u00a0Venez nombreux rencontrer les artistes et admirer leurs cr\u00e9ations&#8230;<strong><u>Le jeudi 18 septembre de 12h00 \u00e0 14h00<\/u><\/strong><\/p>\n\n\n\n<p><strong>Conf\u00e9rence \u00ab\u00a0Camille Claudel\u00a0\u00bb par Andr\u00e9\u00a0Castelli <\/strong><strong>Sur les traces de Camille Claudel&#8230;son parcours \u00e0 l\u2019h\u00f4pital\u00a0de Montfavet  <\/strong><strong>Entr\u00e9e libre\u00a0<\/strong><\/p>\n\n\n\n<p><strong><u>Le vendredi 19 septembre de 12h30 \u00e0 13h30<\/u><\/strong><br><strong>Lecture musicale par Simone Molina avec le contrebassiste Pierre Fayolle<\/strong>\u00a0de\u00a0\u00a0<strong><u>\u00ab\u00a0L&rsquo;Indien au-del\u00e0 des miroirs\u00a0\u00bb\u00a0<\/u>et d&rsquo;extraits de\u00a0<u>\u00ab\u00a0Voile blanche sur fond d&rsquo;\u00e9cran\u00a0\u00bb<\/u><\/strong><\/p>\n\n\n\n<p><strong>Entr\u00e9e libre<\/strong><\/p>\n\n\n\n<p><strong>Les livres d&rsquo;artistes sur les po\u00e8mes de Simone Molina avec les artistes Dominique Limon, Hippolyte Ludo, Claude Maillard et Bernard Gabriel Lafabrie, Jo\u00eblle Jourdan, Alain Grosajt, &#8230;.seront expos\u00e9s durant le Salon.<\/strong>(<strong>\u00a0ci-joint : les pr\u00e9sentations des artistes<\/strong>)<\/p>\n\n\n\n<p>Cordialement<\/p>\n\n\n\n<blockquote class=\"wp-block-quote is-layout-flow wp-block-quote-is-layout-flow\"><\/blockquote>\n\n\n\n<p><em>Le bureau du CLOS<\/em><\/p>\n\n\n\n<p><em>Centre Hospitalier de Montfavet<\/em><\/p>\n\n\n\n<p><em><a href=\"http:\/\/www.closchm.fr\/\" rel=\"noreferrer noopener\" target=\"_blank\">www.closchm.fr<\/a><\/em><\/p>\n\n\n\n<div data-wp-interactive=\"core\/file\" class=\"wp-block-file\"><object data-wp-bind--hidden=\"!state.hasPdfPreview\" hidden class=\"wp-block-file__embed\" data=\"https:\/\/le-point-de-capiton.net\/wp-content\/uploads\/2025\/09\/PRESENTATION-CREATEURS-2025-1.pdf\" type=\"application\/pdf\" style=\"width:100%;height:600px\" aria-label=\"Contenu embarqu\u00e9 PRESENTATION CREATEURS 2025 (1).\"><\/object><a id=\"wp-block-file--media-6a819cb1-554e-477b-b5d9-76f9243589da\" href=\"https:\/\/le-point-de-capiton.net\/wp-content\/uploads\/2025\/09\/PRESENTATION-CREATEURS-2025-1.pdf\">PRESENTATION CREATEURS 2025 (1)<\/a><a href=\"https:\/\/le-point-de-capiton.net\/wp-content\/uploads\/2025\/09\/PRESENTATION-CREATEURS-2025-1.pdf\" class=\"wp-block-file__button wp-element-button\" download aria-describedby=\"wp-block-file--media-6a819cb1-554e-477b-b5d9-76f9243589da\">T\u00e9l\u00e9charger<\/a><\/div>\n","protected":false},"excerpt":{"rendered":"<p>Bo\u00eete de r\u00e9ception Le CLOS et le CHM mettent \u00e0 l&rsquo;honneur&#8230;Andr\u00e9 Castelli, Camille Estrangin, Christian Perrier, Claire Capron, Isabelle Ralle, Isabelle Renaut, Jean-Claude Maurel, J\u00e9rome Mariel, Laure Isard-Griffon,\u00a0\u00a0Manon Lucibello, Marie-Annick &#8230;<\/p>\n","protected":false},"author":1,"featured_media":2152,"comment_status":"closed","ping_status":"open","sticky":false,"template":"","format":"standard","meta":{"footnotes":""},"categories":[19,25,3,5],"tags":[],"class_list":["post-2151","post","type-post","status-publish","format-standard","has-post-thumbnail","hentry","category-conference","category-lecture-musicale","category-art","category-exposition"],"_links":{"self":[{"href":"https:\/\/le-point-de-capiton.net\/index.php\/wp-json\/wp\/v2\/posts\/2151","targetHints":{"allow":["GET"]}}],"collection":[{"href":"https:\/\/le-point-de-capiton.net\/index.php\/wp-json\/wp\/v2\/posts"}],"about":[{"href":"https:\/\/le-point-de-capiton.net\/index.php\/wp-json\/wp\/v2\/types\/post"}],"author":[{"embeddable":true,"href":"https:\/\/le-point-de-capiton.net\/index.php\/wp-json\/wp\/v2\/users\/1"}],"replies":[{"embeddable":true,"href":"https:\/\/le-point-de-capiton.net\/index.php\/wp-json\/wp\/v2\/comments?post=2151"}],"version-history":[{"count":1,"href":"https:\/\/le-point-de-capiton.net\/index.php\/wp-json\/wp\/v2\/posts\/2151\/revisions"}],"predecessor-version":[{"id":2154,"href":"https:\/\/le-point-de-capiton.net\/index.php\/wp-json\/wp\/v2\/posts\/2151\/revisions\/2154"}],"wp:featuredmedia":[{"embeddable":true,"href":"https:\/\/le-point-de-capiton.net\/index.php\/wp-json\/wp\/v2\/media\/2152"}],"wp:attachment":[{"href":"https:\/\/le-point-de-capiton.net\/index.php\/wp-json\/wp\/v2\/media?parent=2151"}],"wp:term":[{"taxonomy":"category","embeddable":true,"href":"https:\/\/le-point-de-capiton.net\/index.php\/wp-json\/wp\/v2\/categories?post=2151"},{"taxonomy":"post_tag","embeddable":true,"href":"https:\/\/le-point-de-capiton.net\/index.php\/wp-json\/wp\/v2\/tags?post=2151"}],"curies":[{"name":"wp","href":"https:\/\/api.w.org\/{rel}","templated":true}]}}