{"id":220,"date":"2018-06-13T11:17:59","date_gmt":"2018-06-13T10:17:59","guid":{"rendered":"http:\/\/le-point-de-capiton.net\/actu\/?p=220"},"modified":"2018-06-13T11:17:59","modified_gmt":"2018-06-13T10:17:59","slug":"jean-louis-giovannoni-16-juin-paris-expo-v-verdeguer","status":"publish","type":"post","link":"https:\/\/le-point-de-capiton.net\/index.php\/2018\/06\/13\/jean-louis-giovannoni-16-juin-paris-expo-v-verdeguer\/","title":{"rendered":"Jean-Louis Giovannoni 16 juin Paris expo V. Verdeguer"},"content":{"rendered":"<p>\t\t\t\t16 juin, Paris, Jean-Louis Giovannoni dans le cadre d&rsquo;une exposition de Vincent Verdeguer<\/p>\n<div class=\"post-content  clearfix  \">\n<div class=\"post-image\">\n<div class=\"thisistherealimage\"><img loading=\"lazy\" decoding=\"async\" id=\"postImage_4098273042\" class=\"postDisplayedImage lazy\" src=\"https:\/\/img.scoop.it\/jAPmK3RfnyTg5aB8WG63NDl72eJkfbmt4t8yenImKBVvK0kTmF0xjctABnaLJIm9\" alt=\"(Agenda) 16 juin, Paris, Jean-Louis Giovannoni (dans le cadre d'une exposition de Vincent Verdeguer) | Poezibao | Scoop.it\" width=\"112\" height=\"74\" data-original=\"https:\/\/img.scoop.it\/jAPmK3RfnyTg5aB8WG63NDl72eJkfbmt4t8yenImKBVvK0kTmF0xjctABnaLJIm9\" \/><\/div>\n<\/div>\n<div class=\"post-metas tCustomization_post_metas\"><a href=\"https:\/\/www.scoop.it\/t\/poezibao\/p\/4098273042\/2018\/06\/04\/agenda-16-juin-paris-jean-louis-giovannoni-dans-le-cadre-d-une-exposition-de-vincent-verdeguer\">June 4, 2:06 PM<\/a><\/div>\n<div class=\"post-description editable-container tooltip-on-mouse\">\n<div id=\"postDescription_4098273042\" class=\"tCustomization tCustomization_post_description\">\n<p>vernissage, le samedi 16 juin \u00e0 16h, des derni\u00e8res \u0153uvres de Vincent Verdeguer. Suivra une lecture-rencontre, \u00e0 16h30, anim\u00e9e par Pierre Bravo Gala, dans sa librairie, situ\u00e9e : 60, rue de Belleville 75020 (au sous-sol de la Librairie Genre Urbain).<\/p>\n<p>Jean-Louis Giovannoni\u00a0 lira des extraits de \u00ab\u00a0Sous le seuil\u00a0\u00bb paru aux Editions Unes en 2016.<\/p>\n<\/div>\n<\/div>\n<\/div>\n","protected":false},"excerpt":{"rendered":"<p>16 juin, Paris, Jean-Louis Giovannoni dans le cadre d&rsquo;une exposition de Vincent Verdeguer June 4, 2:06 PM vernissage, le samedi 16 juin \u00e0 16h, des derni\u00e8res \u0153uvres de Vincent Verdeguer. &#8230;<\/p>\n","protected":false},"author":1,"featured_media":0,"comment_status":"open","ping_status":"open","sticky":false,"template":"","format":"standard","meta":{"footnotes":""},"categories":[3,7],"tags":[],"class_list":["post-220","post","type-post","status-publish","format-standard","hentry","category-art","category-poesie"],"_links":{"self":[{"href":"https:\/\/le-point-de-capiton.net\/index.php\/wp-json\/wp\/v2\/posts\/220","targetHints":{"allow":["GET"]}}],"collection":[{"href":"https:\/\/le-point-de-capiton.net\/index.php\/wp-json\/wp\/v2\/posts"}],"about":[{"href":"https:\/\/le-point-de-capiton.net\/index.php\/wp-json\/wp\/v2\/types\/post"}],"author":[{"embeddable":true,"href":"https:\/\/le-point-de-capiton.net\/index.php\/wp-json\/wp\/v2\/users\/1"}],"replies":[{"embeddable":true,"href":"https:\/\/le-point-de-capiton.net\/index.php\/wp-json\/wp\/v2\/comments?post=220"}],"version-history":[{"count":0,"href":"https:\/\/le-point-de-capiton.net\/index.php\/wp-json\/wp\/v2\/posts\/220\/revisions"}],"wp:attachment":[{"href":"https:\/\/le-point-de-capiton.net\/index.php\/wp-json\/wp\/v2\/media?parent=220"}],"wp:term":[{"taxonomy":"category","embeddable":true,"href":"https:\/\/le-point-de-capiton.net\/index.php\/wp-json\/wp\/v2\/categories?post=220"},{"taxonomy":"post_tag","embeddable":true,"href":"https:\/\/le-point-de-capiton.net\/index.php\/wp-json\/wp\/v2\/tags?post=220"}],"curies":[{"name":"wp","href":"https:\/\/api.w.org\/{rel}","templated":true}]}}