{"id":225,"date":"2018-09-07T22:31:55","date_gmt":"2018-09-07T21:31:55","guid":{"rendered":"http:\/\/le-point-de-capiton.net\/actu\/?p=225"},"modified":"2019-11-27T16:38:52","modified_gmt":"2019-11-27T15:38:52","slug":"journee-du-point-de-capiton-les-insenses-le-22-septembre","status":"publish","type":"post","link":"https:\/\/le-point-de-capiton.net\/index.php\/2018\/09\/07\/journee-du-point-de-capiton-les-insenses-le-22-septembre\/","title":{"rendered":"Journ\u00e9e du Point de Capiton \u00a0\u00bb Les insens\u00e9s\u00a0\u00bb le 22 septembre 2018"},"content":{"rendered":"<p><b>Journ\u00e9e du POINT de CAPITON <\/b>&nbsp; &nbsp; <b>\u00a0\u00bb Les INSENS\u00c9S \u00a0\u00bb :&nbsp; Samedi 22 septembre<\/b><br \/>\n<b>de 10h \u00e0 13h \u00e0 Avignon et de 15h30 \u00e0 20h \u00e0 L&rsquo;isle sur la Sorgue :<\/b><\/p>\n<p>A noter que l&rsquo;Assembl\u00e9e G\u00e9n\u00e9rale du Point de Capiton aura lieu dans le cadre de cette journ\u00e9e&#8230;.<\/p>\n<p>Ne faut-il pas \u00eatre \u00ab\u00a0insens\u00e9\u00a0\u00bb pour oser poursuivre cette aventure, qui a commenc\u00e9 en septembre 1989 dans un contexte bien diff\u00e9rent et plus favorable \u00e0 la psychanalyse que ne l&rsquo;est notre r\u00e9alit\u00e9 aujourd&rsquo;hui ? Mais cette temporalit\u00e9 longue nous donne aussi la force de l&rsquo;exp\u00e9rience et le souffle de la pens\u00e9e critique.<\/p>\n<p>Voici donc <b>notre programme<\/b><b> pour la journ\u00e9e<\/b> <b>du 22 septembre 2018,<br \/>\n<\/b><\/p>\n<p><b>10h30 au cin\u00e9ma Utopia \u00e0 Avignon, Film de Martine Deyres : \u00a0\u00bb Le sous bois des Insens\u00e9s\u00a0\u00bb.<\/b> Une le\u00e7on d&rsquo;humanit\u00e9 et de clinique par Jean Oury. Il nous parle depuis son bureau de la Clinique de La Borde, et peu \u00e0 peu nous entendons mieux ce qu&rsquo;est l&rsquo;hospitalit\u00e9 \u00e0 la folie et l&rsquo;art de l&rsquo;\u00e9coute.<\/p>\n<p>La s\u00e9ance sera suivie d&rsquo;un d\u00e9bat, anim\u00e9 par Simone Molina et des membres du CA du Point de Capiton. Nous sommes heureux de la pr\u00e9sence de Martine Deyres qui nous parlera de son film, et Boris Doucy, du cin\u00e9ma Utopia, nous accueillera \u00e0 10h&nbsp; pour un caf\u00e9,&nbsp; puis \u00e0 10h30 dans la salle. <u>Songez \u00e0 r\u00e9server<\/u>. ( Voir Gazette Utopia)<\/p>\n<p><b>15h30 &#8211; 18h \/ Assembl\u00e9e G\u00e9n\u00e9rale du Point de Capiton.<\/b> Elle aura lieu \u00e0 Isle sur la Sorgue, <i>Fabrique Notre-Dame<\/i>. <b>31, cours Fernande Peyre<\/b>.&nbsp; 06 07 27 29 77. Nous remercions Jean Fran\u00e7ois Jung pour son accueil.&nbsp; ( Les adh\u00e9rents vont recevoir un autre mail pour convocation et ordre du jour.)<\/p>\n<p>Toutefois l&rsquo;AG est ouverte \u00e0 qui souhaite venir pour d\u00e9battre. Seuls les adh\u00e9rents ont pouvoir pour voter. il sera possible d&rsquo;adh\u00e9rer sur place ou de se mettre \u00e0 jour de sa cotisation 2018.<\/p>\n<p><b>18h30 -20h : Librairie \u00a0\u00bb Le Passeur de l&rsquo;Isle\u00a0\u00bb, <\/b>place de la Libert\u00e9 \u00e0 Isle sur la Sorgue, nous recevrons en partenariat avec les amis du Passeur de l&rsquo;Isle et l&rsquo;ECRPF, <b>Pascale Hassoun, psychanalyste \u00e0 Paris,&nbsp; pour son livre \u00a0\u00bb Un dragon sur le divan\u00a0\u00bb,<\/b> paru en 2017 chez Eres. Elle interroge dans son ouvrage ce qu&rsquo;il en est de l&rsquo;apport de la psychanalyse en Chine. Cette rencontre cl\u00f4turera le cycle sur la Chine qui a commenc\u00e9 en novembre 2017 avec les films de Wang Bing projet\u00e9s \u00e0 Utopia. <b><br \/>\n<\/b><\/p>\n<p><b>Les personnes qui souhaitent participer activement au d\u00e9bat qui suivra la pr\u00e9sentation, peuvent en faire une lecture pr\u00e9alable. Il leur est demand\u00e9 de s&rsquo;inscrire aupr\u00e8s du Point de Capiton \u00e0 l&rsquo;adresse suivante : <a class=\"m_8146161022765399858m_-2235607029385908458moz-txt-link-abbreviated\" href=\"mailto:lepointdecapiton84@gmail.com\" target=\"_blank\" rel=\"noopener noreferrer\">lepointdecapiton84@gmail.com<\/a><br \/>\n<\/b><\/p>\n<p><b>Un pot amical cl\u00f4turera cette journ\u00e9e, \u00e0 la Librairie.<br \/>\n<\/b><\/p>\n<p><b>Nous vous attendons nombreux. Bien cordialement,<br \/>\n<\/b><\/p>\n<p><b>Pour le CA,<\/b><b> Simone Molina, Pr\u00e9sidente du Point de Capiton<\/b><\/p>\n","protected":false},"excerpt":{"rendered":"<p>Journ\u00e9e du POINT de CAPITON &nbsp; &nbsp; \u00a0\u00bb Les INSENS\u00c9S \u00a0\u00bb :&nbsp; Samedi 22 septembre de 10h \u00e0 13h \u00e0 Avignon et de 15h30 \u00e0 20h \u00e0 L&rsquo;isle sur la &#8230;<\/p>\n","protected":false},"author":1,"featured_media":1209,"comment_status":"open","ping_status":"open","sticky":false,"template":"","format":"standard","meta":{"footnotes":""},"categories":[2,8],"tags":[],"class_list":["post-225","post","type-post","status-publish","format-standard","has-post-thumbnail","hentry","category-activites-du-point-de-capiton","category-psychanalyse"],"_links":{"self":[{"href":"https:\/\/le-point-de-capiton.net\/index.php\/wp-json\/wp\/v2\/posts\/225","targetHints":{"allow":["GET"]}}],"collection":[{"href":"https:\/\/le-point-de-capiton.net\/index.php\/wp-json\/wp\/v2\/posts"}],"about":[{"href":"https:\/\/le-point-de-capiton.net\/index.php\/wp-json\/wp\/v2\/types\/post"}],"author":[{"embeddable":true,"href":"https:\/\/le-point-de-capiton.net\/index.php\/wp-json\/wp\/v2\/users\/1"}],"replies":[{"embeddable":true,"href":"https:\/\/le-point-de-capiton.net\/index.php\/wp-json\/wp\/v2\/comments?post=225"}],"version-history":[{"count":1,"href":"https:\/\/le-point-de-capiton.net\/index.php\/wp-json\/wp\/v2\/posts\/225\/revisions"}],"predecessor-version":[{"id":1279,"href":"https:\/\/le-point-de-capiton.net\/index.php\/wp-json\/wp\/v2\/posts\/225\/revisions\/1279"}],"wp:featuredmedia":[{"embeddable":true,"href":"https:\/\/le-point-de-capiton.net\/index.php\/wp-json\/wp\/v2\/media\/1209"}],"wp:attachment":[{"href":"https:\/\/le-point-de-capiton.net\/index.php\/wp-json\/wp\/v2\/media?parent=225"}],"wp:term":[{"taxonomy":"category","embeddable":true,"href":"https:\/\/le-point-de-capiton.net\/index.php\/wp-json\/wp\/v2\/categories?post=225"},{"taxonomy":"post_tag","embeddable":true,"href":"https:\/\/le-point-de-capiton.net\/index.php\/wp-json\/wp\/v2\/tags?post=225"}],"curies":[{"name":"wp","href":"https:\/\/api.w.org\/{rel}","templated":true}]}}